{"id":4358,"date":"2026-01-27T15:05:42","date_gmt":"2026-01-27T15:05:42","guid":{"rendered":"https:\/\/www.goncalo.pt\/por\/?p=4358"},"modified":"2026-03-30T12:05:19","modified_gmt":"2026-03-30T12:05:19","slug":"2026-01-27-o-primeiro-passo-na-escrita-do-meu-livro-de-fisica-conceptual-teorica-e-matematica","status":"publish","type":"post","link":"https:\/\/www.goncalo.pt\/por\/2026\/01\/27\/2026-01-27-o-primeiro-passo-na-escrita-do-meu-livro-de-fisica-conceptual-teorica-e-matematica\/","title":{"rendered":"2026-01-27 &#8211; O primeiro passo na escrita do meu livro de F\u00edsica Conceptual\/Te\u00f3rica e Matem\u00e1tica&#8230;"},"content":{"rendered":"\n<p>Aqui est\u00e1 o 1\u00ba passo na escrita da minha obra relacionada com F\u00edsica e Matem\u00e1tica, e hashes para provar autoria (explico abaixo).<\/p>\n\n\n\n<p>Eu tinha dito que o faria at\u00e9 ao Natal mas s\u00f3 agora vi a grandeza da coisa, \u00e9 que tenho centenas de \u00e1udios gravados com ideias, centenas de ficheiros com \u00e1udios j\u00e1 transcritos ou escritos por mim, milhares de imagens misturadas, f\u00f3rmulas, etc.<\/p>\n\n\n\n<p>A pressa de o fazer at\u00e9 ao Natal prendia-se com o facto de querer lan\u00e7ar as ideias antes que algu\u00e9m chegasse \u00e0s ideias que queria partilhar, por muito improv\u00e1vel que possa parecer a mim de momento.<\/p>\n\n\n\n<p>Mas \u00e9 muita coisa mesmo. Fiz uma estimativa, e tendo em conta que n\u00e3o conv\u00e9m passar das 550 p\u00e1ginas por livro, o que escreverei poder\u00e1 dar para talvez mais de 2000 p\u00e1ginas finalizadas, talvez 7 volumes.<\/p>\n\n\n\n<p>Mas contornei o problema: Ao partilhar as hashes criptogr\u00e1ficas do meu trabalho, publicamente, conseguirei a qualquer momento no Futuro, caso algu\u00e9m tenha acesso \u00e0 minha obra e a partilhe, provar a autoria da mesma. Bastaria dar o ficheiro original e mostrar que corresponde \u00e0 hash partilhada numa certa data no LinkedIn e outros lados.<\/p>\n\n\n\n<p>Eu sei que parece muita coisa, mas h\u00e1 ali muito mais do que pensava.<\/p>\n\n\n\n<p>Quanto aos volumes da obra: Um volume ser\u00e1 especificamente sobre a parte da F\u00edsica mais Conceptual e Te\u00f3rica, e ter\u00e1 a ver com temas sobre uma hip\u00f3tese para uma nova Teoria do Tudo, entre outras coisas.<\/p>\n\n\n\n<p>Os outros mais virados para outras \u00e1reas como Matem\u00e1tica.<\/p>\n\n\n\n<p>Eu quis dedicar algum do meu tempo para deixar algum legado meu em Matem\u00e1tica e F\u00edsica, pois queria trabalhar na minha hip\u00f3tese para uma Teoria do Tudo, mas a meio disso descobri algo muito, mas mesmo muito mais importante a meu ver.<\/p>\n\n\n\n<p>Deixei assim a ideia de passar anos e anos a tentar transformar essa hip\u00f3tese numa teoria, e focar-me-ei mais no livro na outra \u00e1rea.<\/p>\n\n\n\n<p>Partilharei ambas.<\/p>\n\n\n\n<p>Mas o que descobri \u00e9 a meu ver bem mais importante que a tal Teoria do Tudo que em tempos persegui.<\/p>\n\n\n\n<p>Tenciono quando tiver mais dias livres, desenvolver mais a obra, pois o livro em si ainda s\u00f3 tem umas 7 p\u00e1ginas, uma capa apressada, um \u00edndice, e uns t\u00f3picos para o livro, este passo foi mais simb\u00f3lico que outra coisa, foi para me for\u00e7ar a mexer-me de vez em quando, pois assim sentir-me-ei obrigado a partilhar o andamento da obra de tempos a tempos para mostrar que n\u00e3o sou pregui\u00e7oso.<\/p>\n\n\n\n<p>A ver se consigo termin\u00e1-la at\u00e9 Setembro, mas com tanto texto e imagem n\u00e3o ser\u00e1 f\u00e1cil. E ter de resumir textos, eliminar repeti\u00e7\u00f5es, escrever, etc.<\/p>\n\n\n\n<p>Mais: Os incont\u00e1veis \u00e1udios que fiz ocasionalmente gravando no telem\u00f3vel enquanto caminhava pelas ruas do Porto a ouvir os m\u00fasicos de rua, a inspirar-me em F\u00edsica e Matem\u00e1tica, foram convertidos para texto por tradutores autom\u00e1ticos. E por vezes podiam surgir coisas como um &#8220;fot\u00e3o de luz&#8221; aparecer como um &#8220;c\u00e3o de luz&#8221;. D\u00e1 para rir, mas d\u00e1 trabalho tamb\u00e9m.<\/p>\n\n\n\n<p>S\u00e3o 1001 ideias repetidas, coisas mal traduzidas, tudo tem de ser organizado primeiro.<\/p>\n\n\n\n<p>Mas uma coisa \u00e9 certa: Partilharei de tempos a tempos estas hashes para mostrar o qu\u00e3o desenvolvido est\u00e1, e provar autoria se um dia necessitar.<\/p>\n\n\n\n<p>Esta p\u00e1gina ser\u00e1 armazenada no Archive.Org al\u00e9m das imagens serem partilhadas em redes sociais para provar a autoria da obra e das minhas ideias.<\/p>\n\n\n\n<p>Assim ganho tempo de escrita e n\u00e3o publico \u00e0 pressa.<\/p>\n\n\n\n<p>De tempos a tempos partilharei algo mais.<\/p>\n\n\n\n<p>Hasta!<\/p>\n\n\n\n<p>2026-01-27.<\/p>\n\n\n\n<p>Partilhado no mesmo dia no LinkedIn em:<\/p>\n\n\n\n<p><a href=\"https:\/\/www.linkedin.com\/posts\/goncalopt_aqui-est%C3%A1-o-1%C2%BA-passo-na-escrita-da-minha-activity-7421928052907134976-qvHk?utm_source=share&amp;utm_medium=member_desktop&amp;rcm=ACoAABG7H2ABop3FluPLkJx4wf0Fa6gMHIcSrfI\" target=\"_blank\" rel=\"noreferrer noopener\">https:\/\/www.linkedin.com\/posts\/goncalopt_aqui-est%C3%A1-o-1%C2%BA-passo-na-escrita-da-minha-activity-7421928052907134976-qvHk?utm_source=share&amp;utm_medium=member_desktop&amp;rcm=ACoAABG7H2ABop3FluPLkJx4wf0Fa6gMHIcSrfI<\/a><\/p>\n\n\n\n<p>Guardado para a posteridade no Archive.Org em:<\/p>\n\n\n\n<p><a href=\"https:\/\/web.archive.org\/web\/20260127152456\/https:\/\/www.goncalo.pt\/por\/2026\/01\/27\/2026-01-27-o-primeiro-passo-na-escrita-do-meu-livro-de-fisica-conceptual-teorica-e-matematica\/\" target=\"_blank\" rel=\"noreferrer noopener\">https:\/\/web.archive.org\/web\/20260127152456\/https:\/\/www.goncalo.pt\/por\/2026\/01\/27\/2026-01-27-o-primeiro-passo-na-escrita-do-meu-livro-de-fisica-conceptual-teorica-e-matematica\/<\/a><\/p>\n\n\n\n<p><a href=\"https:\/\/web.archive.org\/web\/20260204153306\/https:\/\/www.goncalo.pt\/por\/livro-de-fisica\/\" target=\"_blank\" rel=\"noreferrer noopener\">https:\/\/web.archive.org\/web\/20260204153306\/https:\/\/www.goncalo.pt\/por\/livro-de-fisica\/<\/a><\/p>\n\n\n\n<p>Post seguinte relacionado com este meu livro:<\/p>\n\n\n\n<p>(A ser colocado um dia).<\/p>\n\n\n\n<p>Post seguinte n\u00e3o relacionado com o tema:<\/p>\n\n\n\n<figure class=\"wp-block-embed is-type-wp-embed is-provider-gon-alo-ferreira wp-block-embed-gon-alo-ferreira\"><div class=\"wp-block-embed__wrapper\">\n<blockquote class=\"wp-embedded-content\" data-secret=\"aexY0zG8UC\"><a href=\"https:\/\/www.goncalo.pt\/por\/2026\/03\/30\/2026-03-30-a-minha-linguagem-de-programacao-bpp-criada-para-ensino-formacao-em-cpp\/\">2026-03-30 &#8211; A minha linguagem de Programa\u00e7\u00e3o B++ criada para Ensino\/Forma\u00e7\u00e3o em C++&#8230;<\/a><\/blockquote><iframe loading=\"lazy\" class=\"wp-embedded-content\" sandbox=\"allow-scripts\" security=\"restricted\" style=\"position: absolute; visibility: hidden;\" title=\"&#8220;2026-03-30 &#8211; A minha linguagem de Programa\u00e7\u00e3o B++ criada para Ensino\/Forma\u00e7\u00e3o em C++&#8230;&#8221; &#8212; Gon\u00e7alo Ferreira\" src=\"https:\/\/www.goncalo.pt\/por\/2026\/03\/30\/2026-03-30-a-minha-linguagem-de-programacao-bpp-criada-para-ensino-formacao-em-cpp\/embed\/#?secret=Nj2EpZz6st#?secret=aexY0zG8UC\" data-secret=\"aexY0zG8UC\" width=\"600\" height=\"338\" frameborder=\"0\" marginwidth=\"0\" marginheight=\"0\" scrolling=\"no\"><\/iframe>\n<\/div><figcaption class=\"wp-element-caption\">2026-03-30 \u2013 A minha linguagem de Programa\u00e7\u00e3o B++ criada para Ensino\/Forma\u00e7\u00e3o em C++\u2026<\/figcaption><\/figure>\n\n\n\n<figure class=\"wp-block-image size-large\"><img loading=\"lazy\" decoding=\"async\" width=\"1024\" height=\"679\" src=\"https:\/\/www.goncalo.pt\/por\/wp-content\/uploads\/2026\/01\/2026-01-27-My-Theoretical-Conceptual-Physics-and-Math-first-Book-Status-1024x679.png\" alt=\"O primeiro post de estado do livro de F\u00edsica Conceptual\/Te\u00f3rica e Matem\u00e1tica que estou a escrever...\" class=\"wp-image-4359\" srcset=\"https:\/\/www.goncalo.pt\/por\/wp-content\/uploads\/2026\/01\/2026-01-27-My-Theoretical-Conceptual-Physics-and-Math-first-Book-Status-1024x679.png 1024w, https:\/\/www.goncalo.pt\/por\/wp-content\/uploads\/2026\/01\/2026-01-27-My-Theoretical-Conceptual-Physics-and-Math-first-Book-Status-300x199.png 300w, https:\/\/www.goncalo.pt\/por\/wp-content\/uploads\/2026\/01\/2026-01-27-My-Theoretical-Conceptual-Physics-and-Math-first-Book-Status-768x509.png 768w, https:\/\/www.goncalo.pt\/por\/wp-content\/uploads\/2026\/01\/2026-01-27-My-Theoretical-Conceptual-Physics-and-Math-first-Book-Status.png 1500w\" sizes=\"(max-width: 1024px) 100vw, 1024px\" \/><figcaption class=\"wp-element-caption\">O primeiro post de estado do livro de F\u00edsica Conceptual\/Te\u00f3rica e Matem\u00e1tica que estou a escrever&#8230;<\/figcaption><\/figure>\n","protected":false},"excerpt":{"rendered":"<p>Aqui est\u00e1 o 1\u00ba passo na escrita da minha obra relacionada com F\u00edsica e Matem\u00e1tica, e hashes para provar autoria<\/p>\n","protected":false},"author":1,"featured_media":4359,"comment_status":"open","ping_status":"open","sticky":false,"template":"","format":"standard","meta":{"footnotes":""},"categories":[168,349,144,409,21,164,347,193,238],"tags":[156,407,406,408,15],"class_list":["post-4358","post","type-post","status-publish","format-standard","has-post-thumbnail","hentry","category-astro-fisica","category-design-6-others","category-fisica","category-fisica-teorica","category-matematica","category-top","category-top-10-others","category-top-fisica","category-top-formacao","tag-fisica","tag-fisica-conceptual","tag-fisica-teorica","tag-livro","tag-matematica"],"yoast_head":"<!-- This site is optimized with the Yoast SEO plugin v25.4 - https:\/\/yoast.com\/wordpress\/plugins\/seo\/ -->\n<title>2026-01-27 - O primeiro passo na escrita do meu livro de F\u00edsica Conceptual\/Te\u00f3rica e Matem\u00e1tica... - Gon\u00e7alo Ferreira<\/title>\n<meta name=\"robots\" content=\"index, follow, max-snippet:-1, max-image-preview:large, max-video-preview:-1\" \/>\n<link rel=\"canonical\" href=\"https:\/\/www.goncalo.pt\/por\/2026\/01\/27\/2026-01-27-o-primeiro-passo-na-escrita-do-meu-livro-de-fisica-conceptual-teorica-e-matematica\/\" \/>\n<meta property=\"og:locale\" content=\"en_US\" \/>\n<meta property=\"og:type\" content=\"article\" \/>\n<meta property=\"og:title\" content=\"2026-01-27 - O primeiro passo na escrita do meu livro de F\u00edsica Conceptual\/Te\u00f3rica e Matem\u00e1tica... - Gon\u00e7alo Ferreira\" \/>\n<meta property=\"og:description\" content=\"Aqui est\u00e1 o 1\u00ba passo na escrita da minha obra relacionada com F\u00edsica e Matem\u00e1tica, e hashes para provar autoria\" \/>\n<meta property=\"og:url\" content=\"https:\/\/www.goncalo.pt\/por\/2026\/01\/27\/2026-01-27-o-primeiro-passo-na-escrita-do-meu-livro-de-fisica-conceptual-teorica-e-matematica\/\" \/>\n<meta property=\"og:site_name\" content=\"Gon\u00e7alo Ferreira\" \/>\n<meta property=\"article:published_time\" content=\"2026-01-27T15:05:42+00:00\" \/>\n<meta property=\"article:modified_time\" content=\"2026-03-30T12:05:19+00:00\" \/>\n<meta property=\"og:image\" content=\"https:\/\/www.goncalo.pt\/por\/wp-content\/uploads\/2026\/01\/2026-01-27-My-Theoretical-Conceptual-Physics-and-Math-first-Book-Status.png\" \/>\n\t<meta property=\"og:image:width\" content=\"1500\" \/>\n\t<meta property=\"og:image:height\" content=\"994\" \/>\n\t<meta property=\"og:image:type\" content=\"image\/png\" \/>\n<meta name=\"author\" content=\"gnmf\" \/>\n<meta name=\"twitter:card\" content=\"summary_large_image\" \/>\n<meta name=\"twitter:label1\" content=\"Written by\" \/>\n\t<meta name=\"twitter:data1\" content=\"gnmf\" \/>\n\t<meta name=\"twitter:label2\" content=\"Est. reading time\" \/>\n\t<meta name=\"twitter:data2\" content=\"4 minutes\" \/>\n<script type=\"application\/ld+json\" class=\"yoast-schema-graph\">{\"@context\":\"https:\/\/schema.org\",\"@graph\":[{\"@type\":\"Article\",\"@id\":\"https:\/\/www.goncalo.pt\/por\/2026\/01\/27\/2026-01-27-o-primeiro-passo-na-escrita-do-meu-livro-de-fisica-conceptual-teorica-e-matematica\/#article\",\"isPartOf\":{\"@id\":\"https:\/\/www.goncalo.pt\/por\/2026\/01\/27\/2026-01-27-o-primeiro-passo-na-escrita-do-meu-livro-de-fisica-conceptual-teorica-e-matematica\/\"},\"author\":{\"name\":\"gnmf\",\"@id\":\"https:\/\/www.goncalo.pt\/por\/#\/schema\/person\/28a9f845c4de91a7c067707279b1d8dd\"},\"headline\":\"2026-01-27 &#8211; O primeiro passo na escrita do meu livro de F\u00edsica Conceptual\/Te\u00f3rica e Matem\u00e1tica&#8230;\",\"datePublished\":\"2026-01-27T15:05:42+00:00\",\"dateModified\":\"2026-03-30T12:05:19+00:00\",\"mainEntityOfPage\":{\"@id\":\"https:\/\/www.goncalo.pt\/por\/2026\/01\/27\/2026-01-27-o-primeiro-passo-na-escrita-do-meu-livro-de-fisica-conceptual-teorica-e-matematica\/\"},\"wordCount\":760,\"commentCount\":0,\"publisher\":{\"@id\":\"https:\/\/www.goncalo.pt\/por\/#organization\"},\"image\":{\"@id\":\"https:\/\/www.goncalo.pt\/por\/2026\/01\/27\/2026-01-27-o-primeiro-passo-na-escrita-do-meu-livro-de-fisica-conceptual-teorica-e-matematica\/#primaryimage\"},\"thumbnailUrl\":\"https:\/\/www.goncalo.pt\/por\/wp-content\/uploads\/2026\/01\/2026-01-27-My-Theoretical-Conceptual-Physics-and-Math-first-Book-Status.png\",\"keywords\":[\"F\u00edsica\",\"F\u00edsica Conceptual\",\"F\u00edsica Te\u00f3rica\",\"Livro\",\"Matem\u00e1tica\"],\"articleSection\":[\"Astro-F\u00edsica\",\"Design 6 Others\",\"F\u00edsica\",\"F\u00edsica Te\u00f3rica\",\"Matem\u00e1tica\",\"Top\",\"Top 10 Others\",\"Top F\u00edsica\",\"Top Forma\u00e7\u00e3o\"],\"inLanguage\":\"en-US\",\"potentialAction\":[{\"@type\":\"CommentAction\",\"name\":\"Comment\",\"target\":[\"https:\/\/www.goncalo.pt\/por\/2026\/01\/27\/2026-01-27-o-primeiro-passo-na-escrita-do-meu-livro-de-fisica-conceptual-teorica-e-matematica\/#respond\"]}]},{\"@type\":\"WebPage\",\"@id\":\"https:\/\/www.goncalo.pt\/por\/2026\/01\/27\/2026-01-27-o-primeiro-passo-na-escrita-do-meu-livro-de-fisica-conceptual-teorica-e-matematica\/\",\"url\":\"https:\/\/www.goncalo.pt\/por\/2026\/01\/27\/2026-01-27-o-primeiro-passo-na-escrita-do-meu-livro-de-fisica-conceptual-teorica-e-matematica\/\",\"name\":\"2026-01-27 - O primeiro passo na escrita do meu livro de F\u00edsica Conceptual\/Te\u00f3rica e Matem\u00e1tica... - Gon\u00e7alo Ferreira\",\"isPartOf\":{\"@id\":\"https:\/\/www.goncalo.pt\/por\/#website\"},\"primaryImageOfPage\":{\"@id\":\"https:\/\/www.goncalo.pt\/por\/2026\/01\/27\/2026-01-27-o-primeiro-passo-na-escrita-do-meu-livro-de-fisica-conceptual-teorica-e-matematica\/#primaryimage\"},\"image\":{\"@id\":\"https:\/\/www.goncalo.pt\/por\/2026\/01\/27\/2026-01-27-o-primeiro-passo-na-escrita-do-meu-livro-de-fisica-conceptual-teorica-e-matematica\/#primaryimage\"},\"thumbnailUrl\":\"https:\/\/www.goncalo.pt\/por\/wp-content\/uploads\/2026\/01\/2026-01-27-My-Theoretical-Conceptual-Physics-and-Math-first-Book-Status.png\",\"datePublished\":\"2026-01-27T15:05:42+00:00\",\"dateModified\":\"2026-03-30T12:05:19+00:00\",\"breadcrumb\":{\"@id\":\"https:\/\/www.goncalo.pt\/por\/2026\/01\/27\/2026-01-27-o-primeiro-passo-na-escrita-do-meu-livro-de-fisica-conceptual-teorica-e-matematica\/#breadcrumb\"},\"inLanguage\":\"en-US\",\"potentialAction\":[{\"@type\":\"ReadAction\",\"target\":[\"https:\/\/www.goncalo.pt\/por\/2026\/01\/27\/2026-01-27-o-primeiro-passo-na-escrita-do-meu-livro-de-fisica-conceptual-teorica-e-matematica\/\"]}]},{\"@type\":\"ImageObject\",\"inLanguage\":\"en-US\",\"@id\":\"https:\/\/www.goncalo.pt\/por\/2026\/01\/27\/2026-01-27-o-primeiro-passo-na-escrita-do-meu-livro-de-fisica-conceptual-teorica-e-matematica\/#primaryimage\",\"url\":\"https:\/\/www.goncalo.pt\/por\/wp-content\/uploads\/2026\/01\/2026-01-27-My-Theoretical-Conceptual-Physics-and-Math-first-Book-Status.png\",\"contentUrl\":\"https:\/\/www.goncalo.pt\/por\/wp-content\/uploads\/2026\/01\/2026-01-27-My-Theoretical-Conceptual-Physics-and-Math-first-Book-Status.png\",\"width\":1500,\"height\":994,\"caption\":\"2026-01-27 - O primeiro post de estado do livro de F\u00edsica Conceptual\/Te\u00f3rica e Matem\u00e1tica que estou a escrever...\"},{\"@type\":\"BreadcrumbList\",\"@id\":\"https:\/\/www.goncalo.pt\/por\/2026\/01\/27\/2026-01-27-o-primeiro-passo-na-escrita-do-meu-livro-de-fisica-conceptual-teorica-e-matematica\/#breadcrumb\",\"itemListElement\":[{\"@type\":\"ListItem\",\"position\":1,\"name\":\"Home\",\"item\":\"https:\/\/www.goncalo.pt\/por\/\"},{\"@type\":\"ListItem\",\"position\":2,\"name\":\"2026-01-27 &#8211; O primeiro passo na escrita do meu livro de F\u00edsica Conceptual\/Te\u00f3rica e Matem\u00e1tica&#8230;\"}]},{\"@type\":\"WebSite\",\"@id\":\"https:\/\/www.goncalo.pt\/por\/#website\",\"url\":\"https:\/\/www.goncalo.pt\/por\/\",\"name\":\"Gon\u00e7alo Ferreira\",\"description\":\"[Game Engine\/Software\/Simulation\/Trading Systems\/Full Stack] Developer, Musician, Composer, Painter, Writer, IT Trainer, Sys Admin, Ex-Trader, Skater, Strongman, Vegan, Self-Taught Neuro-Divergent Polymath, and 1001 things more. Welcome to my world!\",\"publisher\":{\"@id\":\"https:\/\/www.goncalo.pt\/por\/#organization\"},\"potentialAction\":[{\"@type\":\"SearchAction\",\"target\":{\"@type\":\"EntryPoint\",\"urlTemplate\":\"https:\/\/www.goncalo.pt\/por\/?s={search_term_string}\"},\"query-input\":{\"@type\":\"PropertyValueSpecification\",\"valueRequired\":true,\"valueName\":\"search_term_string\"}}],\"inLanguage\":\"en-US\"},{\"@type\":\"Organization\",\"@id\":\"https:\/\/www.goncalo.pt\/por\/#organization\",\"name\":\"Gon\u00e7alo Ferreira\",\"url\":\"https:\/\/www.goncalo.pt\/por\/\",\"logo\":{\"@type\":\"ImageObject\",\"inLanguage\":\"en-US\",\"@id\":\"https:\/\/www.goncalo.pt\/por\/#\/schema\/logo\/image\/\",\"url\":\"https:\/\/www.goncalo.pt\/por\/wp-content\/uploads\/2023\/08\/cropped-Goncalo-Ferreira-Logo-With-Face.png\",\"contentUrl\":\"https:\/\/www.goncalo.pt\/por\/wp-content\/uploads\/2023\/08\/cropped-Goncalo-Ferreira-Logo-With-Face.png\",\"width\":389,\"height\":90,\"caption\":\"Gon\u00e7alo Ferreira\"},\"image\":{\"@id\":\"https:\/\/www.goncalo.pt\/por\/#\/schema\/logo\/image\/\"},\"sameAs\":[\"http:\/\/www.linkedin.com\/in\/GoncaloPT\/\"]},{\"@type\":\"Person\",\"@id\":\"https:\/\/www.goncalo.pt\/por\/#\/schema\/person\/28a9f845c4de91a7c067707279b1d8dd\",\"name\":\"gnmf\",\"image\":{\"@type\":\"ImageObject\",\"inLanguage\":\"en-US\",\"@id\":\"https:\/\/www.goncalo.pt\/por\/#\/schema\/person\/image\/\",\"url\":\"https:\/\/secure.gravatar.com\/avatar\/78a295ef7300b60da1d67d4ce84359da?s=96&d=mm&r=g\",\"contentUrl\":\"https:\/\/secure.gravatar.com\/avatar\/78a295ef7300b60da1d67d4ce84359da?s=96&d=mm&r=g\",\"caption\":\"gnmf\"},\"sameAs\":[\"http:\/\/www.goncalo.pt\/por\"],\"url\":\"https:\/\/www.goncalo.pt\/por\/author\/gnmf\/\"}]}<\/script>\n<!-- \/ Yoast SEO plugin. -->","yoast_head_json":{"title":"2026-01-27 - O primeiro passo na escrita do meu livro de F\u00edsica Conceptual\/Te\u00f3rica e Matem\u00e1tica... - Gon\u00e7alo Ferreira","robots":{"index":"index","follow":"follow","max-snippet":"max-snippet:-1","max-image-preview":"max-image-preview:large","max-video-preview":"max-video-preview:-1"},"canonical":"https:\/\/www.goncalo.pt\/por\/2026\/01\/27\/2026-01-27-o-primeiro-passo-na-escrita-do-meu-livro-de-fisica-conceptual-teorica-e-matematica\/","og_locale":"en_US","og_type":"article","og_title":"2026-01-27 - O primeiro passo na escrita do meu livro de F\u00edsica Conceptual\/Te\u00f3rica e Matem\u00e1tica... - Gon\u00e7alo Ferreira","og_description":"Aqui est\u00e1 o 1\u00ba passo na escrita da minha obra relacionada com F\u00edsica e Matem\u00e1tica, e hashes para provar autoria","og_url":"https:\/\/www.goncalo.pt\/por\/2026\/01\/27\/2026-01-27-o-primeiro-passo-na-escrita-do-meu-livro-de-fisica-conceptual-teorica-e-matematica\/","og_site_name":"Gon\u00e7alo Ferreira","article_published_time":"2026-01-27T15:05:42+00:00","article_modified_time":"2026-03-30T12:05:19+00:00","og_image":[{"width":1500,"height":994,"url":"https:\/\/www.goncalo.pt\/por\/wp-content\/uploads\/2026\/01\/2026-01-27-My-Theoretical-Conceptual-Physics-and-Math-first-Book-Status.png","type":"image\/png"}],"author":"gnmf","twitter_card":"summary_large_image","twitter_misc":{"Written by":"gnmf","Est. reading time":"4 minutes"},"schema":{"@context":"https:\/\/schema.org","@graph":[{"@type":"Article","@id":"https:\/\/www.goncalo.pt\/por\/2026\/01\/27\/2026-01-27-o-primeiro-passo-na-escrita-do-meu-livro-de-fisica-conceptual-teorica-e-matematica\/#article","isPartOf":{"@id":"https:\/\/www.goncalo.pt\/por\/2026\/01\/27\/2026-01-27-o-primeiro-passo-na-escrita-do-meu-livro-de-fisica-conceptual-teorica-e-matematica\/"},"author":{"name":"gnmf","@id":"https:\/\/www.goncalo.pt\/por\/#\/schema\/person\/28a9f845c4de91a7c067707279b1d8dd"},"headline":"2026-01-27 &#8211; O primeiro passo na escrita do meu livro de F\u00edsica Conceptual\/Te\u00f3rica e Matem\u00e1tica&#8230;","datePublished":"2026-01-27T15:05:42+00:00","dateModified":"2026-03-30T12:05:19+00:00","mainEntityOfPage":{"@id":"https:\/\/www.goncalo.pt\/por\/2026\/01\/27\/2026-01-27-o-primeiro-passo-na-escrita-do-meu-livro-de-fisica-conceptual-teorica-e-matematica\/"},"wordCount":760,"commentCount":0,"publisher":{"@id":"https:\/\/www.goncalo.pt\/por\/#organization"},"image":{"@id":"https:\/\/www.goncalo.pt\/por\/2026\/01\/27\/2026-01-27-o-primeiro-passo-na-escrita-do-meu-livro-de-fisica-conceptual-teorica-e-matematica\/#primaryimage"},"thumbnailUrl":"https:\/\/www.goncalo.pt\/por\/wp-content\/uploads\/2026\/01\/2026-01-27-My-Theoretical-Conceptual-Physics-and-Math-first-Book-Status.png","keywords":["F\u00edsica","F\u00edsica Conceptual","F\u00edsica Te\u00f3rica","Livro","Matem\u00e1tica"],"articleSection":["Astro-F\u00edsica","Design 6 Others","F\u00edsica","F\u00edsica Te\u00f3rica","Matem\u00e1tica","Top","Top 10 Others","Top F\u00edsica","Top Forma\u00e7\u00e3o"],"inLanguage":"en-US","potentialAction":[{"@type":"CommentAction","name":"Comment","target":["https:\/\/www.goncalo.pt\/por\/2026\/01\/27\/2026-01-27-o-primeiro-passo-na-escrita-do-meu-livro-de-fisica-conceptual-teorica-e-matematica\/#respond"]}]},{"@type":"WebPage","@id":"https:\/\/www.goncalo.pt\/por\/2026\/01\/27\/2026-01-27-o-primeiro-passo-na-escrita-do-meu-livro-de-fisica-conceptual-teorica-e-matematica\/","url":"https:\/\/www.goncalo.pt\/por\/2026\/01\/27\/2026-01-27-o-primeiro-passo-na-escrita-do-meu-livro-de-fisica-conceptual-teorica-e-matematica\/","name":"2026-01-27 - O primeiro passo na escrita do meu livro de F\u00edsica Conceptual\/Te\u00f3rica e Matem\u00e1tica... - Gon\u00e7alo Ferreira","isPartOf":{"@id":"https:\/\/www.goncalo.pt\/por\/#website"},"primaryImageOfPage":{"@id":"https:\/\/www.goncalo.pt\/por\/2026\/01\/27\/2026-01-27-o-primeiro-passo-na-escrita-do-meu-livro-de-fisica-conceptual-teorica-e-matematica\/#primaryimage"},"image":{"@id":"https:\/\/www.goncalo.pt\/por\/2026\/01\/27\/2026-01-27-o-primeiro-passo-na-escrita-do-meu-livro-de-fisica-conceptual-teorica-e-matematica\/#primaryimage"},"thumbnailUrl":"https:\/\/www.goncalo.pt\/por\/wp-content\/uploads\/2026\/01\/2026-01-27-My-Theoretical-Conceptual-Physics-and-Math-first-Book-Status.png","datePublished":"2026-01-27T15:05:42+00:00","dateModified":"2026-03-30T12:05:19+00:00","breadcrumb":{"@id":"https:\/\/www.goncalo.pt\/por\/2026\/01\/27\/2026-01-27-o-primeiro-passo-na-escrita-do-meu-livro-de-fisica-conceptual-teorica-e-matematica\/#breadcrumb"},"inLanguage":"en-US","potentialAction":[{"@type":"ReadAction","target":["https:\/\/www.goncalo.pt\/por\/2026\/01\/27\/2026-01-27-o-primeiro-passo-na-escrita-do-meu-livro-de-fisica-conceptual-teorica-e-matematica\/"]}]},{"@type":"ImageObject","inLanguage":"en-US","@id":"https:\/\/www.goncalo.pt\/por\/2026\/01\/27\/2026-01-27-o-primeiro-passo-na-escrita-do-meu-livro-de-fisica-conceptual-teorica-e-matematica\/#primaryimage","url":"https:\/\/www.goncalo.pt\/por\/wp-content\/uploads\/2026\/01\/2026-01-27-My-Theoretical-Conceptual-Physics-and-Math-first-Book-Status.png","contentUrl":"https:\/\/www.goncalo.pt\/por\/wp-content\/uploads\/2026\/01\/2026-01-27-My-Theoretical-Conceptual-Physics-and-Math-first-Book-Status.png","width":1500,"height":994,"caption":"2026-01-27 - O primeiro post de estado do livro de F\u00edsica Conceptual\/Te\u00f3rica e Matem\u00e1tica que estou a escrever..."},{"@type":"BreadcrumbList","@id":"https:\/\/www.goncalo.pt\/por\/2026\/01\/27\/2026-01-27-o-primeiro-passo-na-escrita-do-meu-livro-de-fisica-conceptual-teorica-e-matematica\/#breadcrumb","itemListElement":[{"@type":"ListItem","position":1,"name":"Home","item":"https:\/\/www.goncalo.pt\/por\/"},{"@type":"ListItem","position":2,"name":"2026-01-27 &#8211; O primeiro passo na escrita do meu livro de F\u00edsica Conceptual\/Te\u00f3rica e Matem\u00e1tica&#8230;"}]},{"@type":"WebSite","@id":"https:\/\/www.goncalo.pt\/por\/#website","url":"https:\/\/www.goncalo.pt\/por\/","name":"Gon\u00e7alo Ferreira","description":"[Game Engine\/Software\/Simulation\/Trading Systems\/Full Stack] Developer, Musician, Composer, Painter, Writer, IT Trainer, Sys Admin, Ex-Trader, Skater, Strongman, Vegan, Self-Taught Neuro-Divergent Polymath, and 1001 things more. Welcome to my world!","publisher":{"@id":"https:\/\/www.goncalo.pt\/por\/#organization"},"potentialAction":[{"@type":"SearchAction","target":{"@type":"EntryPoint","urlTemplate":"https:\/\/www.goncalo.pt\/por\/?s={search_term_string}"},"query-input":{"@type":"PropertyValueSpecification","valueRequired":true,"valueName":"search_term_string"}}],"inLanguage":"en-US"},{"@type":"Organization","@id":"https:\/\/www.goncalo.pt\/por\/#organization","name":"Gon\u00e7alo Ferreira","url":"https:\/\/www.goncalo.pt\/por\/","logo":{"@type":"ImageObject","inLanguage":"en-US","@id":"https:\/\/www.goncalo.pt\/por\/#\/schema\/logo\/image\/","url":"https:\/\/www.goncalo.pt\/por\/wp-content\/uploads\/2023\/08\/cropped-Goncalo-Ferreira-Logo-With-Face.png","contentUrl":"https:\/\/www.goncalo.pt\/por\/wp-content\/uploads\/2023\/08\/cropped-Goncalo-Ferreira-Logo-With-Face.png","width":389,"height":90,"caption":"Gon\u00e7alo Ferreira"},"image":{"@id":"https:\/\/www.goncalo.pt\/por\/#\/schema\/logo\/image\/"},"sameAs":["http:\/\/www.linkedin.com\/in\/GoncaloPT\/"]},{"@type":"Person","@id":"https:\/\/www.goncalo.pt\/por\/#\/schema\/person\/28a9f845c4de91a7c067707279b1d8dd","name":"gnmf","image":{"@type":"ImageObject","inLanguage":"en-US","@id":"https:\/\/www.goncalo.pt\/por\/#\/schema\/person\/image\/","url":"https:\/\/secure.gravatar.com\/avatar\/78a295ef7300b60da1d67d4ce84359da?s=96&d=mm&r=g","contentUrl":"https:\/\/secure.gravatar.com\/avatar\/78a295ef7300b60da1d67d4ce84359da?s=96&d=mm&r=g","caption":"gnmf"},"sameAs":["http:\/\/www.goncalo.pt\/por"],"url":"https:\/\/www.goncalo.pt\/por\/author\/gnmf\/"}]}},"_links":{"self":[{"href":"https:\/\/www.goncalo.pt\/por\/wp-json\/wp\/v2\/posts\/4358"}],"collection":[{"href":"https:\/\/www.goncalo.pt\/por\/wp-json\/wp\/v2\/posts"}],"about":[{"href":"https:\/\/www.goncalo.pt\/por\/wp-json\/wp\/v2\/types\/post"}],"author":[{"embeddable":true,"href":"https:\/\/www.goncalo.pt\/por\/wp-json\/wp\/v2\/users\/1"}],"replies":[{"embeddable":true,"href":"https:\/\/www.goncalo.pt\/por\/wp-json\/wp\/v2\/comments?post=4358"}],"version-history":[{"count":5,"href":"https:\/\/www.goncalo.pt\/por\/wp-json\/wp\/v2\/posts\/4358\/revisions"}],"predecessor-version":[{"id":4389,"href":"https:\/\/www.goncalo.pt\/por\/wp-json\/wp\/v2\/posts\/4358\/revisions\/4389"}],"wp:featuredmedia":[{"embeddable":true,"href":"https:\/\/www.goncalo.pt\/por\/wp-json\/wp\/v2\/media\/4359"}],"wp:attachment":[{"href":"https:\/\/www.goncalo.pt\/por\/wp-json\/wp\/v2\/media?parent=4358"}],"wp:term":[{"taxonomy":"category","embeddable":true,"href":"https:\/\/www.goncalo.pt\/por\/wp-json\/wp\/v2\/categories?post=4358"},{"taxonomy":"post_tag","embeddable":true,"href":"https:\/\/www.goncalo.pt\/por\/wp-json\/wp\/v2\/tags?post=4358"}],"curies":[{"name":"wp","href":"https:\/\/api.w.org\/{rel}","templated":true}]}}